{"id":273226,"date":"2020-02-20T11:02:00","date_gmt":"2020-02-20T11:02:00","guid":{"rendered":"https:\/\/nueva.arquitud.es\/?p=273226"},"modified":"2023-01-27T09:24:04","modified_gmt":"2023-01-27T09:24:04","slug":"el-aprendizaje","status":"publish","type":"post","link":"https:\/\/arquitud.es\/?p=273226","title":{"rendered":"EL APRENDIZAJE"},"content":{"rendered":"\n<p>Hoy hablaremos del valor Aprendizaje&#8230;<\/p>\n\n\n\n<p>\u00bfC\u00f3mo sueles responder antes las situaciones que te suceden en tu d\u00eda a d\u00eda?<br>\u00bfTe lamentas y te quejas? \u00bfLas aceptas y&nbsp;buscas el aprendizaje que esa situaci\u00f3n trae para ti?<\/p>\n\n\n\n<p>Solemos vivir m\u00faltiples experiencias en las distintas \u00e1reas de nuestra vida. Algunas salen como deseamos, otras no.<br>\u00bfY que hacemos cuando algo no sale como queramos? \u00bfC\u00f3mo respondemos ante ello?<\/p>\n\n\n\n<p>Lo primero es ACEPTAR que hay situaciones o personas que no podemos controlar y que no todo depende de nosotros. Lo segundo y m\u00e1s importante es hacernos esta pregunta: \u00bfQu\u00e9 tengo yo que aprender de esta situaci\u00f3n? \u00bfQu\u00e9 lectura positiva trae para mi? Esto te genera fortaleza interior y sobre todo hace que te conviertas en un maestro de tu capacidad para resolver lo que te sucede.<\/p>\n\n\n\n<p>Para ARquitud cada d\u00eda es una oportunidad para aprender y mejorar, con objeto de dar nuestra mejor versi\u00f3n y sobre todo porque t\u00fa te mereces estar asesorado por los mejores.<\/p>\n\n\n\n<p>Reforma y construye con ARquitud.<\/p>\n\n\n\n<p><a href=\"https:\/\/www.facebook.com\/hashtag\/arquitud?source=feed_text&amp;epa=HASHTAG&amp;__xts__%5B0%5D=68.ARBdUr_yuzngrxxtFjbHcM00IsZ8PfvJBFVixZGX00UaVYy52ZXRPRN1KXJKroMHscyUE3nAQlv5sufKNvJF4jQ5Ver6j5fwaz6mO3CzS8rTaWCoMa_zoqOnYlTppwjQ1D9vgdgUoPFGToa4RYwY42ZqOjQ5jOwfRR6KsBH_5B5IBjmacOkxPt_nNXrYd-O2w5X3d5KmmvK6JWd7xLD3zRh7kMjT3S6Ymm46wf-cxPOvja-DmEVVAwFpPilWnL4Ui7-7j5OVSBRp2SJaxIz4vKJgJbwiPcQw20aQIf-tE1t-2E_j_oif-iRu1UQLD_5IccsUKU8KYTc8UlLRByKIpRgG&amp;__tn__=%2ANKH-R\">#arquitud<\/a>&nbsp;<a href=\"https:\/\/www.facebook.com\/hashtag\/valoresarquitud?source=feed_text&amp;epa=HASHTAG&amp;__xts__%5B0%5D=68.ARBdUr_yuzngrxxtFjbHcM00IsZ8PfvJBFVixZGX00UaVYy52ZXRPRN1KXJKroMHscyUE3nAQlv5sufKNvJF4jQ5Ver6j5fwaz6mO3CzS8rTaWCoMa_zoqOnYlTppwjQ1D9vgdgUoPFGToa4RYwY42ZqOjQ5jOwfRR6KsBH_5B5IBjmacOkxPt_nNXrYd-O2w5X3d5KmmvK6JWd7xLD3zRh7kMjT3S6Ymm46wf-cxPOvja-DmEVVAwFpPilWnL4Ui7-7j5OVSBRp2SJaxIz4vKJgJbwiPcQw20aQIf-tE1t-2E_j_oif-iRu1UQLD_5IccsUKU8KYTc8UlLRByKIpRgG&amp;__tn__=%2ANKH-R\">#valoresarquitud<\/a>&nbsp;<a href=\"https:\/\/www.facebook.com\/hashtag\/construcci%C3%B3n?source=feed_text&amp;epa=HASHTAG&amp;__xts__%5B0%5D=68.ARBdUr_yuzngrxxtFjbHcM00IsZ8PfvJBFVixZGX00UaVYy52ZXRPRN1KXJKroMHscyUE3nAQlv5sufKNvJF4jQ5Ver6j5fwaz6mO3CzS8rTaWCoMa_zoqOnYlTppwjQ1D9vgdgUoPFGToa4RYwY42ZqOjQ5jOwfRR6KsBH_5B5IBjmacOkxPt_nNXrYd-O2w5X3d5KmmvK6JWd7xLD3zRh7kMjT3S6Ymm46wf-cxPOvja-DmEVVAwFpPilWnL4Ui7-7j5OVSBRp2SJaxIz4vKJgJbwiPcQw20aQIf-tE1t-2E_j_oif-iRu1UQLD_5IccsUKU8KYTc8UlLRByKIpRgG&amp;__tn__=%2ANKH-R\">#construcci\u00f3n<\/a>&nbsp;<a href=\"https:\/\/www.facebook.com\/hashtag\/reformas?source=feed_text&amp;epa=HASHTAG&amp;__xts__%5B0%5D=68.ARBdUr_yuzngrxxtFjbHcM00IsZ8PfvJBFVixZGX00UaVYy52ZXRPRN1KXJKroMHscyUE3nAQlv5sufKNvJF4jQ5Ver6j5fwaz6mO3CzS8rTaWCoMa_zoqOnYlTppwjQ1D9vgdgUoPFGToa4RYwY42ZqOjQ5jOwfRR6KsBH_5B5IBjmacOkxPt_nNXrYd-O2w5X3d5KmmvK6JWd7xLD3zRh7kMjT3S6Ymm46wf-cxPOvja-DmEVVAwFpPilWnL4Ui7-7j5OVSBRp2SJaxIz4vKJgJbwiPcQw20aQIf-tE1t-2E_j_oif-iRu1UQLD_5IccsUKU8KYTc8UlLRByKIpRgG&amp;__tn__=%2ANKH-R\">#reformas<\/a>&nbsp;<a href=\"https:\/\/www.facebook.com\/hashtag\/arquitudexperiences?source=feed_text&amp;epa=HASHTAG&amp;__xts__%5B0%5D=68.ARBdUr_yuzngrxxtFjbHcM00IsZ8PfvJBFVixZGX00UaVYy52ZXRPRN1KXJKroMHscyUE3nAQlv5sufKNvJF4jQ5Ver6j5fwaz6mO3CzS8rTaWCoMa_zoqOnYlTppwjQ1D9vgdgUoPFGToa4RYwY42ZqOjQ5jOwfRR6KsBH_5B5IBjmacOkxPt_nNXrYd-O2w5X3d5KmmvK6JWd7xLD3zRh7kMjT3S6Ymm46wf-cxPOvja-DmEVVAwFpPilWnL4Ui7-7j5OVSBRp2SJaxIz4vKJgJbwiPcQw20aQIf-tE1t-2E_j_oif-iRu1UQLD_5IccsUKU8KYTc8UlLRByKIpRgG&amp;__tn__=%2ANKH-R\">#arquitudexperiences<\/a><\/p>\n","protected":false},"excerpt":{"rendered":"<p>Hoy hablaremos del valor Aprendizaje&#8230; \u00bfC\u00f3mo sueles responder antes las situaciones que te suceden en tu d\u00eda a d\u00eda?\u00bfTe lamentas y te quejas? \u00bfLas aceptas y&nbsp;buscas el aprendizaje que esa situaci\u00f3n trae para ti? Solemos vivir m\u00faltiples experiencias en las distintas \u00e1reas de nuestra vida. Algunas salen como deseamos, otras no.\u00bfY que hacemos cuando algo [&hellip;]<\/p>\n","protected":false},"author":1,"featured_media":273227,"comment_status":"closed","ping_status":"closed","sticky":false,"template":"","format":"standard","meta":{"_acf_changed":false,"_et_pb_use_builder":"","_et_pb_old_content":"","_et_gb_content_width":"","footnotes":""},"categories":[1],"tags":[],"class_list":["post-273226","post","type-post","status-publish","format-standard","has-post-thumbnail","hentry","category-noticias"],"acf":[],"yoast_head":"<!-- This site is optimized with the Yoast SEO plugin v27.3 - https:\/\/yoast.com\/product\/yoast-seo-wordpress\/ -->\n<title>EL APRENDIZAJE | ARquitud Constructora<\/title>\n<meta name=\"robots\" content=\"index, follow, max-snippet:-1, max-image-preview:large, max-video-preview:-1\" \/>\n<link rel=\"canonical\" href=\"https:\/\/arquitud.es\/?p=273226\" \/>\n<meta property=\"og:locale\" content=\"es_ES\" \/>\n<meta property=\"og:type\" content=\"article\" \/>\n<meta property=\"og:title\" content=\"EL APRENDIZAJE | ARquitud Constructora\" \/>\n<meta property=\"og:description\" content=\"Hoy hablaremos del valor Aprendizaje&#8230; \u00bfC\u00f3mo sueles responder antes las situaciones que te suceden en tu d\u00eda a d\u00eda?\u00bfTe lamentas y te quejas? \u00bfLas aceptas y&nbsp;buscas el aprendizaje que esa situaci\u00f3n trae para ti? Solemos vivir m\u00faltiples experiencias en las distintas \u00e1reas de nuestra vida. Algunas salen como deseamos, otras no.\u00bfY que hacemos cuando algo [&hellip;]\" \/>\n<meta property=\"og:url\" content=\"https:\/\/arquitud.es\/?p=273226\" \/>\n<meta property=\"og:site_name\" content=\"ARquitud Constructora\" \/>\n<meta property=\"article:published_time\" content=\"2020-02-20T11:02:00+00:00\" \/>\n<meta property=\"article:modified_time\" content=\"2023-01-27T09:24:04+00:00\" \/>\n<meta property=\"og:image\" content=\"https:\/\/arquitud.es\/wp-content\/uploads\/2020\/12\/sidus-16.jpg\" \/>\n\t<meta property=\"og:image:width\" content=\"770\" \/>\n\t<meta property=\"og:image:height\" content=\"494\" \/>\n\t<meta property=\"og:image:type\" content=\"image\/jpeg\" \/>\n<meta name=\"author\" content=\"admin_arquitud\" \/>\n<meta name=\"twitter:card\" content=\"summary_large_image\" \/>\n<meta name=\"twitter:label1\" content=\"Escrito por\" \/>\n\t<meta name=\"twitter:data1\" content=\"admin_arquitud\" \/>\n\t<meta name=\"twitter:label2\" content=\"Tiempo de lectura\" \/>\n\t<meta name=\"twitter:data2\" content=\"1 minuto\" \/>\n<script type=\"application\/ld+json\" class=\"yoast-schema-graph\">{\"@context\":\"https:\\\/\\\/schema.org\",\"@graph\":[{\"@type\":\"Article\",\"@id\":\"https:\\\/\\\/arquitud.es\\\/?p=273226#article\",\"isPartOf\":{\"@id\":\"https:\\\/\\\/arquitud.es\\\/?p=273226\"},\"author\":{\"name\":\"admin_arquitud\",\"@id\":\"https:\\\/\\\/arquitud.es\\\/#\\\/schema\\\/person\\\/a23031994a04b0309cca5d198d2cf921\"},\"headline\":\"EL APRENDIZAJE\",\"datePublished\":\"2020-02-20T11:02:00+00:00\",\"dateModified\":\"2023-01-27T09:24:04+00:00\",\"mainEntityOfPage\":{\"@id\":\"https:\\\/\\\/arquitud.es\\\/?p=273226\"},\"wordCount\":191,\"image\":{\"@id\":\"https:\\\/\\\/arquitud.es\\\/?p=273226#primaryimage\"},\"thumbnailUrl\":\"https:\\\/\\\/arquitud.es\\\/wp-content\\\/uploads\\\/2020\\\/12\\\/sidus-16.jpg\",\"articleSection\":[\"Noticias\"],\"inLanguage\":\"es\"},{\"@type\":\"WebPage\",\"@id\":\"https:\\\/\\\/arquitud.es\\\/?p=273226\",\"url\":\"https:\\\/\\\/arquitud.es\\\/?p=273226\",\"name\":\"EL APRENDIZAJE | ARquitud Constructora\",\"isPartOf\":{\"@id\":\"https:\\\/\\\/arquitud.es\\\/#website\"},\"primaryImageOfPage\":{\"@id\":\"https:\\\/\\\/arquitud.es\\\/?p=273226#primaryimage\"},\"image\":{\"@id\":\"https:\\\/\\\/arquitud.es\\\/?p=273226#primaryimage\"},\"thumbnailUrl\":\"https:\\\/\\\/arquitud.es\\\/wp-content\\\/uploads\\\/2020\\\/12\\\/sidus-16.jpg\",\"datePublished\":\"2020-02-20T11:02:00+00:00\",\"dateModified\":\"2023-01-27T09:24:04+00:00\",\"author\":{\"@id\":\"https:\\\/\\\/arquitud.es\\\/#\\\/schema\\\/person\\\/a23031994a04b0309cca5d198d2cf921\"},\"breadcrumb\":{\"@id\":\"https:\\\/\\\/arquitud.es\\\/?p=273226#breadcrumb\"},\"inLanguage\":\"es\",\"potentialAction\":[{\"@type\":\"ReadAction\",\"target\":[\"https:\\\/\\\/arquitud.es\\\/?p=273226\"]}]},{\"@type\":\"ImageObject\",\"inLanguage\":\"es\",\"@id\":\"https:\\\/\\\/arquitud.es\\\/?p=273226#primaryimage\",\"url\":\"https:\\\/\\\/arquitud.es\\\/wp-content\\\/uploads\\\/2020\\\/12\\\/sidus-16.jpg\",\"contentUrl\":\"https:\\\/\\\/arquitud.es\\\/wp-content\\\/uploads\\\/2020\\\/12\\\/sidus-16.jpg\",\"width\":770,\"height\":494},{\"@type\":\"BreadcrumbList\",\"@id\":\"https:\\\/\\\/arquitud.es\\\/?p=273226#breadcrumb\",\"itemListElement\":[{\"@type\":\"ListItem\",\"position\":1,\"name\":\"Portada\",\"item\":\"https:\\\/\\\/arquitud.es\\\/\"},{\"@type\":\"ListItem\",\"position\":2,\"name\":\"EL APRENDIZAJE\"}]},{\"@type\":\"WebSite\",\"@id\":\"https:\\\/\\\/arquitud.es\\\/#website\",\"url\":\"https:\\\/\\\/arquitud.es\\\/\",\"name\":\"ARquitud Constructora\",\"description\":\"Construye tus Sue\u00f1os\",\"potentialAction\":[{\"@type\":\"SearchAction\",\"target\":{\"@type\":\"EntryPoint\",\"urlTemplate\":\"https:\\\/\\\/arquitud.es\\\/?s={search_term_string}\"},\"query-input\":{\"@type\":\"PropertyValueSpecification\",\"valueRequired\":true,\"valueName\":\"search_term_string\"}}],\"inLanguage\":\"es\"},{\"@type\":\"Person\",\"@id\":\"https:\\\/\\\/arquitud.es\\\/#\\\/schema\\\/person\\\/a23031994a04b0309cca5d198d2cf921\",\"name\":\"admin_arquitud\",\"sameAs\":[\"https:\\\/\\\/arquitud.es\"]}]}<\/script>\n<!-- \/ Yoast SEO plugin. -->","yoast_head_json":{"title":"EL APRENDIZAJE | ARquitud Constructora","robots":{"index":"index","follow":"follow","max-snippet":"max-snippet:-1","max-image-preview":"max-image-preview:large","max-video-preview":"max-video-preview:-1"},"canonical":"https:\/\/arquitud.es\/?p=273226","og_locale":"es_ES","og_type":"article","og_title":"EL APRENDIZAJE | ARquitud Constructora","og_description":"Hoy hablaremos del valor Aprendizaje&#8230; \u00bfC\u00f3mo sueles responder antes las situaciones que te suceden en tu d\u00eda a d\u00eda?\u00bfTe lamentas y te quejas? \u00bfLas aceptas y&nbsp;buscas el aprendizaje que esa situaci\u00f3n trae para ti? Solemos vivir m\u00faltiples experiencias en las distintas \u00e1reas de nuestra vida. Algunas salen como deseamos, otras no.\u00bfY que hacemos cuando algo [&hellip;]","og_url":"https:\/\/arquitud.es\/?p=273226","og_site_name":"ARquitud Constructora","article_published_time":"2020-02-20T11:02:00+00:00","article_modified_time":"2023-01-27T09:24:04+00:00","og_image":[{"width":770,"height":494,"url":"https:\/\/arquitud.es\/wp-content\/uploads\/2020\/12\/sidus-16.jpg","type":"image\/jpeg"}],"author":"admin_arquitud","twitter_card":"summary_large_image","twitter_misc":{"Escrito por":"admin_arquitud","Tiempo de lectura":"1 minuto"},"schema":{"@context":"https:\/\/schema.org","@graph":[{"@type":"Article","@id":"https:\/\/arquitud.es\/?p=273226#article","isPartOf":{"@id":"https:\/\/arquitud.es\/?p=273226"},"author":{"name":"admin_arquitud","@id":"https:\/\/arquitud.es\/#\/schema\/person\/a23031994a04b0309cca5d198d2cf921"},"headline":"EL APRENDIZAJE","datePublished":"2020-02-20T11:02:00+00:00","dateModified":"2023-01-27T09:24:04+00:00","mainEntityOfPage":{"@id":"https:\/\/arquitud.es\/?p=273226"},"wordCount":191,"image":{"@id":"https:\/\/arquitud.es\/?p=273226#primaryimage"},"thumbnailUrl":"https:\/\/arquitud.es\/wp-content\/uploads\/2020\/12\/sidus-16.jpg","articleSection":["Noticias"],"inLanguage":"es"},{"@type":"WebPage","@id":"https:\/\/arquitud.es\/?p=273226","url":"https:\/\/arquitud.es\/?p=273226","name":"EL APRENDIZAJE | ARquitud Constructora","isPartOf":{"@id":"https:\/\/arquitud.es\/#website"},"primaryImageOfPage":{"@id":"https:\/\/arquitud.es\/?p=273226#primaryimage"},"image":{"@id":"https:\/\/arquitud.es\/?p=273226#primaryimage"},"thumbnailUrl":"https:\/\/arquitud.es\/wp-content\/uploads\/2020\/12\/sidus-16.jpg","datePublished":"2020-02-20T11:02:00+00:00","dateModified":"2023-01-27T09:24:04+00:00","author":{"@id":"https:\/\/arquitud.es\/#\/schema\/person\/a23031994a04b0309cca5d198d2cf921"},"breadcrumb":{"@id":"https:\/\/arquitud.es\/?p=273226#breadcrumb"},"inLanguage":"es","potentialAction":[{"@type":"ReadAction","target":["https:\/\/arquitud.es\/?p=273226"]}]},{"@type":"ImageObject","inLanguage":"es","@id":"https:\/\/arquitud.es\/?p=273226#primaryimage","url":"https:\/\/arquitud.es\/wp-content\/uploads\/2020\/12\/sidus-16.jpg","contentUrl":"https:\/\/arquitud.es\/wp-content\/uploads\/2020\/12\/sidus-16.jpg","width":770,"height":494},{"@type":"BreadcrumbList","@id":"https:\/\/arquitud.es\/?p=273226#breadcrumb","itemListElement":[{"@type":"ListItem","position":1,"name":"Portada","item":"https:\/\/arquitud.es\/"},{"@type":"ListItem","position":2,"name":"EL APRENDIZAJE"}]},{"@type":"WebSite","@id":"https:\/\/arquitud.es\/#website","url":"https:\/\/arquitud.es\/","name":"ARquitud Constructora","description":"Construye tus Sue\u00f1os","potentialAction":[{"@type":"SearchAction","target":{"@type":"EntryPoint","urlTemplate":"https:\/\/arquitud.es\/?s={search_term_string}"},"query-input":{"@type":"PropertyValueSpecification","valueRequired":true,"valueName":"search_term_string"}}],"inLanguage":"es"},{"@type":"Person","@id":"https:\/\/arquitud.es\/#\/schema\/person\/a23031994a04b0309cca5d198d2cf921","name":"admin_arquitud","sameAs":["https:\/\/arquitud.es"]}]}},"_links":{"self":[{"href":"https:\/\/arquitud.es\/index.php?rest_route=\/wp\/v2\/posts\/273226","targetHints":{"allow":["GET"]}}],"collection":[{"href":"https:\/\/arquitud.es\/index.php?rest_route=\/wp\/v2\/posts"}],"about":[{"href":"https:\/\/arquitud.es\/index.php?rest_route=\/wp\/v2\/types\/post"}],"author":[{"embeddable":true,"href":"https:\/\/arquitud.es\/index.php?rest_route=\/wp\/v2\/users\/1"}],"replies":[{"embeddable":true,"href":"https:\/\/arquitud.es\/index.php?rest_route=%2Fwp%2Fv2%2Fcomments&post=273226"}],"version-history":[{"count":1,"href":"https:\/\/arquitud.es\/index.php?rest_route=\/wp\/v2\/posts\/273226\/revisions"}],"predecessor-version":[{"id":273228,"href":"https:\/\/arquitud.es\/index.php?rest_route=\/wp\/v2\/posts\/273226\/revisions\/273228"}],"wp:featuredmedia":[{"embeddable":true,"href":"https:\/\/arquitud.es\/index.php?rest_route=\/wp\/v2\/media\/273227"}],"wp:attachment":[{"href":"https:\/\/arquitud.es\/index.php?rest_route=%2Fwp%2Fv2%2Fmedia&parent=273226"}],"wp:term":[{"taxonomy":"category","embeddable":true,"href":"https:\/\/arquitud.es\/index.php?rest_route=%2Fwp%2Fv2%2Fcategories&post=273226"},{"taxonomy":"post_tag","embeddable":true,"href":"https:\/\/arquitud.es\/index.php?rest_route=%2Fwp%2Fv2%2Ftags&post=273226"}],"curies":[{"name":"wp","href":"https:\/\/api.w.org\/{rel}","templated":true}]}}